{"id":45,"date":"2011-03-16T15:30:49","date_gmt":"2011-03-16T15:30:49","guid":{"rendered":"http:\/\/www.sensorrauschen.de\/blog\/?p=45"},"modified":"2012-12-07T15:50:09","modified_gmt":"2012-12-07T15:50:09","slug":"musikerportraits","status":"publish","type":"post","link":"https:\/\/www.sensorrauschen.de\/blog\/?p=45","title":{"rendered":"Musikerportraits"},"content":{"rendered":"<p><a href=\"https:\/\/www.sensorrauschen.de\/blog\/?p=45\"><img loading=\"lazy\" decoding=\"async\" class=\"aligncenter size-full wp-image-47\" title=\"IMG_3313\" src=\"https:\/\/www.sensorrauschen.de\/blog\/wp-content\/uploads\/IMG_3313.jpg\" alt=\"\" width=\"800\" height=\"533\" srcset=\"https:\/\/www.sensorrauschen.de\/blog\/wp-content\/uploads\/IMG_3313.jpg 800w, https:\/\/www.sensorrauschen.de\/blog\/wp-content\/uploads\/IMG_3313-300x199.jpg 300w, https:\/\/www.sensorrauschen.de\/blog\/wp-content\/uploads\/IMG_3313-600x400.jpg 600w\" sizes=\"auto, (max-width: 800px) 100vw, 800px\" \/><\/a><\/p>\n<p>Vor ein paar Wochen wurde ich gebeten, Portraits von zwei Musikerinnen und einem Schriftsteller zu machen. Die drei brauchten ein Bild f\u00fcr die Presse. Meine Erfahrungen mit Portraits von Gruppen beschr\u00e4nken sich bisher eher auf Hochzeitsgesellschaften, bei denen es wohl vor allem wichtig ist, dass alle Personen drauf und die Stimmung erkennbar gut ist.<\/p>\n<p><!--more-->Dieses Portrait sollte aber noch mehr ausdr\u00fccken: Dass die Personen zusammengeh\u00f6ren und, dass sie alle etwas mit Musik zu tun haben. Die gleiche Kleidung der drei kam mir hier entgegen. Und ich hatte das Gl\u00fcck, dass wir als Location ein Pianohaus gew\u00e4hlt haben und ich die Spiegelung des glatten Fl\u00fcgels nutzen konnte.<\/p>\n<p><a href=\"https:\/\/www.sensorrauschen.de\/blog\/wp-content\/uploads\/IMG_3406.jpg\"><img loading=\"lazy\" decoding=\"async\" class=\"aligncenter size-full wp-image-46\" title=\"IMG_3406\" src=\"https:\/\/www.sensorrauschen.de\/blog\/wp-content\/uploads\/IMG_3406.jpg\" alt=\"\" width=\"800\" height=\"533\" srcset=\"https:\/\/www.sensorrauschen.de\/blog\/wp-content\/uploads\/IMG_3406.jpg 800w, https:\/\/www.sensorrauschen.de\/blog\/wp-content\/uploads\/IMG_3406-300x199.jpg 300w\" sizes=\"auto, (max-width: 800px) 100vw, 800px\" \/><\/a>Das zweite Portrait der Pianistin (die w\u00e4hrend des Fotos \u00fcbrigens wirklich und fantastisch Klavier spielt&#8230;) machte sich dann eher schon von alleine.<\/p>\n","protected":false},"excerpt":{"rendered":"<p>Vor ein paar Wochen wurde ich gebeten, Portraits von zwei Musikerinnen und einem Schriftsteller zu machen. Die drei brauchten ein Bild f\u00fcr die Presse. Meine Erfahrungen mit Portraits von Gruppen beschr\u00e4nken sich bisher eher auf Hochzeitsgesellschaften, bei denen es wohl vor allem wichtig ist, dass alle Personen drauf und die Stimmung erkennbar gut ist.<\/p>\n","protected":false},"author":1,"featured_media":47,"comment_status":"open","ping_status":"open","sticky":false,"template":"","format":"standard","meta":{"_acf_changed":false,"footnotes":""},"categories":[1],"tags":[],"class_list":["post-45","post","type-post","status-publish","format-standard","has-post-thumbnail","hentry","category-allgemein"],"acf":[],"_links":{"self":[{"href":"https:\/\/www.sensorrauschen.de\/blog\/index.php?rest_route=\/wp\/v2\/posts\/45","targetHints":{"allow":["GET"]}}],"collection":[{"href":"https:\/\/www.sensorrauschen.de\/blog\/index.php?rest_route=\/wp\/v2\/posts"}],"about":[{"href":"https:\/\/www.sensorrauschen.de\/blog\/index.php?rest_route=\/wp\/v2\/types\/post"}],"author":[{"embeddable":true,"href":"https:\/\/www.sensorrauschen.de\/blog\/index.php?rest_route=\/wp\/v2\/users\/1"}],"replies":[{"embeddable":true,"href":"https:\/\/www.sensorrauschen.de\/blog\/index.php?rest_route=%2Fwp%2Fv2%2Fcomments&post=45"}],"version-history":[{"count":6,"href":"https:\/\/www.sensorrauschen.de\/blog\/index.php?rest_route=\/wp\/v2\/posts\/45\/revisions"}],"predecessor-version":[{"id":789,"href":"https:\/\/www.sensorrauschen.de\/blog\/index.php?rest_route=\/wp\/v2\/posts\/45\/revisions\/789"}],"wp:featuredmedia":[{"embeddable":true,"href":"https:\/\/www.sensorrauschen.de\/blog\/index.php?rest_route=\/wp\/v2\/media\/47"}],"wp:attachment":[{"href":"https:\/\/www.sensorrauschen.de\/blog\/index.php?rest_route=%2Fwp%2Fv2%2Fmedia&parent=45"}],"wp:term":[{"taxonomy":"category","embeddable":true,"href":"https:\/\/www.sensorrauschen.de\/blog\/index.php?rest_route=%2Fwp%2Fv2%2Fcategories&post=45"},{"taxonomy":"post_tag","embeddable":true,"href":"https:\/\/www.sensorrauschen.de\/blog\/index.php?rest_route=%2Fwp%2Fv2%2Ftags&post=45"}],"curies":[{"name":"wp","href":"https:\/\/api.w.org\/{rel}","templated":true}]}}